{"id":353,"date":"2022-05-15T13:53:25","date_gmt":"2022-05-15T11:53:25","guid":{"rendered":"http:\/\/www.spdgartenstadt.de\/?p=353"},"modified":"2022-05-15T14:17:39","modified_gmt":"2022-05-15T12:17:39","slug":"neueroeffnung-quatierbuero-am-14-05-2022","status":"publish","type":"post","link":"http:\/\/www.spdgartenstadt.de\/?p=353","title":{"rendered":"Neuer\u00f6ffnung Quatierb\u00fcro am 14.05.2022"},"content":{"rendered":"<p><span class=\"d2edcug0 hpfvmrgz qv66sw1b c1et5uql lr9zc1uh a8c37x1j fe6kdd0r mau55g9w c8b282yb keod5gw0 nxhoafnm aigsh9s9 d3f4x2em iv3no6db jq4qci2q a3bd9o3v b1v8xokw oo9gr5id hzawbc8m\" dir=\"auto\">Gestern war wieder was los im Quartierb\u00fcros Gartenstadt f\u00fcr die Menschen des Stadtteils und dar\u00fcber hinaus. Gestern bei der Neuer\u00f6ffnung des Quartierb\u00fcros als Co-Working Space der AWO, der SPD Rheinland-Pfalz( und des SPD Unterbezirks Vorderpfalz&nbsp; sowie unserer Landtagsabgeordneten <span class=\"nc684nl6\">Heike Scharfenberger<\/span>. Wir sind sehr gl\u00fccklich, dass diese wichtige Anlaufstelle f\u00fcr die Anliegen der Menschen vor Ort erhalten bleibt!<br \/>\n<\/span><\/p>\n<p>Als G\u00e4ste waren anwesend<br \/>\n<span class=\"d2edcug0 hpfvmrgz qv66sw1b c1et5uql lr9zc1uh a8c37x1j fe6kdd0r mau55g9w c8b282yb keod5gw0 nxhoafnm aigsh9s9 d3f4x2em iv3no6db jq4qci2q a3bd9o3v b1v8xokw oo9gr5id hzawbc8m\" dir=\"auto\">Daniela Hohmann (Landesgesch\u00e4ftsf\u00fchrerin SPD Rheinland-Pfalz)<br \/>\nThomas Hitschler<\/span> (MdB &amp; Pr\u00e4sident AWO Pfalz)<br \/>\nChristian Schreider (MdB f\u00fcr Ludwigshafen\/Frankenthal)<br \/>\nAlexander Schweizer (MdL &amp; Regionalverbandsvorsitzender Pfalz)<br \/>\nHeike Scharfenberger (MdL aus Ludwigshafen &#8211; Ruchheim)<br \/>\nStefanie Seiler (Unterbezirksvorsitzende &amp; Oberb\u00fcrgermeisterin Speyer)<br \/>\nJutta Steinruck (Oberb\u00fcrgermeisterin Ludwigshafen)<\/p>\n<p><!-- default-view.php -->\n<div\n\tclass=\"ngg-galleryoverview default-view \n\t\t\"\n\tid=\"ngg-gallery-f32f881bde0e14061e6778856e186d1b-1\">\n\n\t\t<!-- Thumbnails -->\n\t\t\t\t<div id=\"ngg-image-0\" class=\"ngg-gallery-thumbnail-box \n\t\t\t\t\t\t\t\t\t\t\t\" \n\t\t\t>\n\t\t\t\t\t\t<div class=\"ngg-gallery-thumbnail\">\n\t\t\t<a href=\"http:\/\/www.spdgartenstadt.de\/wp-content\/gallery\/neueroeffnung-quatierbuero-am-14-05-2022\/280554390_5254209547963123_8915795275214614958_n.jpg\"\n\t\t\t\ttitle=\"\"\n\t\t\t\tdata-src=\"http:\/\/www.spdgartenstadt.de\/wp-content\/gallery\/neueroeffnung-quatierbuero-am-14-05-2022\/280554390_5254209547963123_8915795275214614958_n.jpg\"\n\t\t\t\tdata-thumbnail=\"http:\/\/www.spdgartenstadt.de\/wp-content\/gallery\/neueroeffnung-quatierbuero-am-14-05-2022\/thumbs\/thumbs_280554390_5254209547963123_8915795275214614958_n.jpg\"\n\t\t\t\tdata-image-id=\"1\"\n\t\t\t\tdata-title=\"280554390_5254209547963123_8915795275214614958_n\"\n\t\t\t\tdata-description=\"\"\n\t\t\t\tdata-image-slug=\"280554390_5254209547963123_8915795275214614958_n\"\n\t\t\t\tclass=\"ngg-simplelightbox\" rel=\"f32f881bde0e14061e6778856e186d1b\">\n\t\t\t\t<img\n\t\t\t\t\ttitle=\"280554390_5254209547963123_8915795275214614958_n\"\n\t\t\t\t\talt=\"280554390_5254209547963123_8915795275214614958_n\"\n\t\t\t\t\tsrc=\"http:\/\/www.spdgartenstadt.de\/wp-content\/gallery\/neueroeffnung-quatierbuero-am-14-05-2022\/thumbs\/thumbs_280554390_5254209547963123_8915795275214614958_n.jpg\"\n\t\t\t\t\twidth=\"240\"\n\t\t\t\t\theight=\"160\"\n\t\t\t\t\tstyle=\"max-width:100%;\"\n\t\t\t\t\/>\n\t\t\t<\/a>\n\t\t<\/div>\n\t\t\t\t\t\t\t<\/div> \n\t\t\t\n\t\t\t\t<div id=\"ngg-image-1\" class=\"ngg-gallery-thumbnail-box \n\t\t\t\t\t\t\t\t\t\t\t\" \n\t\t\t>\n\t\t\t\t\t\t<div class=\"ngg-gallery-thumbnail\">\n\t\t\t<a href=\"http:\/\/www.spdgartenstadt.de\/wp-content\/gallery\/neueroeffnung-quatierbuero-am-14-05-2022\/280667738_5254219414628803_6680727084174138262_n.jpg\"\n\t\t\t\ttitle=\"\"\n\t\t\t\tdata-src=\"http:\/\/www.spdgartenstadt.de\/wp-content\/gallery\/neueroeffnung-quatierbuero-am-14-05-2022\/280667738_5254219414628803_6680727084174138262_n.jpg\"\n\t\t\t\tdata-thumbnail=\"http:\/\/www.spdgartenstadt.de\/wp-content\/gallery\/neueroeffnung-quatierbuero-am-14-05-2022\/thumbs\/thumbs_280667738_5254219414628803_6680727084174138262_n.jpg\"\n\t\t\t\tdata-image-id=\"5\"\n\t\t\t\tdata-title=\"280667738_5254219414628803_6680727084174138262_n\"\n\t\t\t\tdata-description=\"\"\n\t\t\t\tdata-image-slug=\"280667738_5254219414628803_6680727084174138262_n\"\n\t\t\t\tclass=\"ngg-simplelightbox\" rel=\"f32f881bde0e14061e6778856e186d1b\">\n\t\t\t\t<img\n\t\t\t\t\ttitle=\"280667738_5254219414628803_6680727084174138262_n\"\n\t\t\t\t\talt=\"280667738_5254219414628803_6680727084174138262_n\"\n\t\t\t\t\tsrc=\"http:\/\/www.spdgartenstadt.de\/wp-content\/gallery\/neueroeffnung-quatierbuero-am-14-05-2022\/thumbs\/thumbs_280667738_5254219414628803_6680727084174138262_n.jpg\"\n\t\t\t\t\twidth=\"240\"\n\t\t\t\t\theight=\"160\"\n\t\t\t\t\tstyle=\"max-width:100%;\"\n\t\t\t\t\/>\n\t\t\t<\/a>\n\t\t<\/div>\n\t\t\t\t\t\t\t<\/div> \n\t\t\t\n\t\t\t\t<div id=\"ngg-image-2\" class=\"ngg-gallery-thumbnail-box \n\t\t\t\t\t\t\t\t\t\t\t\" \n\t\t\t>\n\t\t\t\t\t\t<div class=\"ngg-gallery-thumbnail\">\n\t\t\t<a href=\"http:\/\/www.spdgartenstadt.de\/wp-content\/gallery\/neueroeffnung-quatierbuero-am-14-05-2022\/280661576_5254209791296432_2488755973944022039_n.jpg\"\n\t\t\t\ttitle=\"\"\n\t\t\t\tdata-src=\"http:\/\/www.spdgartenstadt.de\/wp-content\/gallery\/neueroeffnung-quatierbuero-am-14-05-2022\/280661576_5254209791296432_2488755973944022039_n.jpg\"\n\t\t\t\tdata-thumbnail=\"http:\/\/www.spdgartenstadt.de\/wp-content\/gallery\/neueroeffnung-quatierbuero-am-14-05-2022\/thumbs\/thumbs_280661576_5254209791296432_2488755973944022039_n.jpg\"\n\t\t\t\tdata-image-id=\"3\"\n\t\t\t\tdata-title=\"280661576_5254209791296432_2488755973944022039_n\"\n\t\t\t\tdata-description=\"\"\n\t\t\t\tdata-image-slug=\"280661576_5254209791296432_2488755973944022039_n\"\n\t\t\t\tclass=\"ngg-simplelightbox\" rel=\"f32f881bde0e14061e6778856e186d1b\">\n\t\t\t\t<img\n\t\t\t\t\ttitle=\"280661576_5254209791296432_2488755973944022039_n\"\n\t\t\t\t\talt=\"280661576_5254209791296432_2488755973944022039_n\"\n\t\t\t\t\tsrc=\"http:\/\/www.spdgartenstadt.de\/wp-content\/gallery\/neueroeffnung-quatierbuero-am-14-05-2022\/thumbs\/thumbs_280661576_5254209791296432_2488755973944022039_n.jpg\"\n\t\t\t\t\twidth=\"240\"\n\t\t\t\t\theight=\"160\"\n\t\t\t\t\tstyle=\"max-width:100%;\"\n\t\t\t\t\/>\n\t\t\t<\/a>\n\t\t<\/div>\n\t\t\t\t\t\t\t<\/div> \n\t\t\t\n\t\t\t\t<div id=\"ngg-image-3\" class=\"ngg-gallery-thumbnail-box \n\t\t\t\t\t\t\t\t\t\t\t\" \n\t\t\t>\n\t\t\t\t\t\t<div class=\"ngg-gallery-thumbnail\">\n\t\t\t<a href=\"http:\/\/www.spdgartenstadt.de\/wp-content\/gallery\/neueroeffnung-quatierbuero-am-14-05-2022\/280680798_5254209987963079_5255314370396482619_n.jpg\"\n\t\t\t\ttitle=\"\"\n\t\t\t\tdata-src=\"http:\/\/www.spdgartenstadt.de\/wp-content\/gallery\/neueroeffnung-quatierbuero-am-14-05-2022\/280680798_5254209987963079_5255314370396482619_n.jpg\"\n\t\t\t\tdata-thumbnail=\"http:\/\/www.spdgartenstadt.de\/wp-content\/gallery\/neueroeffnung-quatierbuero-am-14-05-2022\/thumbs\/thumbs_280680798_5254209987963079_5255314370396482619_n.jpg\"\n\t\t\t\tdata-image-id=\"6\"\n\t\t\t\tdata-title=\"280680798_5254209987963079_5255314370396482619_n\"\n\t\t\t\tdata-description=\"\"\n\t\t\t\tdata-image-slug=\"280680798_5254209987963079_5255314370396482619_n\"\n\t\t\t\tclass=\"ngg-simplelightbox\" rel=\"f32f881bde0e14061e6778856e186d1b\">\n\t\t\t\t<img\n\t\t\t\t\ttitle=\"280680798_5254209987963079_5255314370396482619_n\"\n\t\t\t\t\talt=\"280680798_5254209987963079_5255314370396482619_n\"\n\t\t\t\t\tsrc=\"http:\/\/www.spdgartenstadt.de\/wp-content\/gallery\/neueroeffnung-quatierbuero-am-14-05-2022\/thumbs\/thumbs_280680798_5254209987963079_5255314370396482619_n.jpg\"\n\t\t\t\t\twidth=\"240\"\n\t\t\t\t\theight=\"160\"\n\t\t\t\t\tstyle=\"max-width:100%;\"\n\t\t\t\t\/>\n\t\t\t<\/a>\n\t\t<\/div>\n\t\t\t\t\t\t\t<\/div> \n\t\t\t\n\t\t\t\t<div id=\"ngg-image-4\" class=\"ngg-gallery-thumbnail-box \n\t\t\t\t\t\t\t\t\t\t\t\" \n\t\t\t>\n\t\t\t\t\t\t<div class=\"ngg-gallery-thumbnail\">\n\t\t\t<a href=\"http:\/\/www.spdgartenstadt.de\/wp-content\/gallery\/neueroeffnung-quatierbuero-am-14-05-2022\/281067164_5254219634628781_4749217341872184343_n.jpg\"\n\t\t\t\ttitle=\"\"\n\t\t\t\tdata-src=\"http:\/\/www.spdgartenstadt.de\/wp-content\/gallery\/neueroeffnung-quatierbuero-am-14-05-2022\/281067164_5254219634628781_4749217341872184343_n.jpg\"\n\t\t\t\tdata-thumbnail=\"http:\/\/www.spdgartenstadt.de\/wp-content\/gallery\/neueroeffnung-quatierbuero-am-14-05-2022\/thumbs\/thumbs_281067164_5254219634628781_4749217341872184343_n.jpg\"\n\t\t\t\tdata-image-id=\"9\"\n\t\t\t\tdata-title=\"281067164_5254219634628781_4749217341872184343_n\"\n\t\t\t\tdata-description=\"\"\n\t\t\t\tdata-image-slug=\"281067164_5254219634628781_4749217341872184343_n\"\n\t\t\t\tclass=\"ngg-simplelightbox\" rel=\"f32f881bde0e14061e6778856e186d1b\">\n\t\t\t\t<img\n\t\t\t\t\ttitle=\"281067164_5254219634628781_4749217341872184343_n\"\n\t\t\t\t\talt=\"281067164_5254219634628781_4749217341872184343_n\"\n\t\t\t\t\tsrc=\"http:\/\/www.spdgartenstadt.de\/wp-content\/gallery\/neueroeffnung-quatierbuero-am-14-05-2022\/thumbs\/thumbs_281067164_5254219634628781_4749217341872184343_n.jpg\"\n\t\t\t\t\twidth=\"240\"\n\t\t\t\t\theight=\"160\"\n\t\t\t\t\tstyle=\"max-width:100%;\"\n\t\t\t\t\/>\n\t\t\t<\/a>\n\t\t<\/div>\n\t\t\t\t\t\t\t<\/div> \n\t\t\t\n\t\t\t\t<div id=\"ngg-image-5\" class=\"ngg-gallery-thumbnail-box \n\t\t\t\t\t\t\t\t\t\t\t\" \n\t\t\t>\n\t\t\t\t\t\t<div class=\"ngg-gallery-thumbnail\">\n\t\t\t<a href=\"http:\/\/www.spdgartenstadt.de\/wp-content\/gallery\/neueroeffnung-quatierbuero-am-14-05-2022\/280887371_5254209314629813_2872342996435222787_n.jpg\"\n\t\t\t\ttitle=\"\"\n\t\t\t\tdata-src=\"http:\/\/www.spdgartenstadt.de\/wp-content\/gallery\/neueroeffnung-quatierbuero-am-14-05-2022\/280887371_5254209314629813_2872342996435222787_n.jpg\"\n\t\t\t\tdata-thumbnail=\"http:\/\/www.spdgartenstadt.de\/wp-content\/gallery\/neueroeffnung-quatierbuero-am-14-05-2022\/thumbs\/thumbs_280887371_5254209314629813_2872342996435222787_n.jpg\"\n\t\t\t\tdata-image-id=\"8\"\n\t\t\t\tdata-title=\"280887371_5254209314629813_2872342996435222787_n\"\n\t\t\t\tdata-description=\"\"\n\t\t\t\tdata-image-slug=\"280887371_5254209314629813_2872342996435222787_n\"\n\t\t\t\tclass=\"ngg-simplelightbox\" rel=\"f32f881bde0e14061e6778856e186d1b\">\n\t\t\t\t<img\n\t\t\t\t\ttitle=\"280887371_5254209314629813_2872342996435222787_n\"\n\t\t\t\t\talt=\"280887371_5254209314629813_2872342996435222787_n\"\n\t\t\t\t\tsrc=\"http:\/\/www.spdgartenstadt.de\/wp-content\/gallery\/neueroeffnung-quatierbuero-am-14-05-2022\/thumbs\/thumbs_280887371_5254209314629813_2872342996435222787_n.jpg\"\n\t\t\t\t\twidth=\"240\"\n\t\t\t\t\theight=\"160\"\n\t\t\t\t\tstyle=\"max-width:100%;\"\n\t\t\t\t\/>\n\t\t\t<\/a>\n\t\t<\/div>\n\t\t\t\t\t\t\t<\/div> \n\t\t\t\n\t\t\t\t<div id=\"ngg-image-6\" class=\"ngg-gallery-thumbnail-box \n\t\t\t\t\t\t\t\t\t\t\t\" \n\t\t\t>\n\t\t\t\t\t\t<div class=\"ngg-gallery-thumbnail\">\n\t\t\t<a href=\"http:\/\/www.spdgartenstadt.de\/wp-content\/gallery\/neueroeffnung-quatierbuero-am-14-05-2022\/heike.jpg\"\n\t\t\t\ttitle=\"\"\n\t\t\t\tdata-src=\"http:\/\/www.spdgartenstadt.de\/wp-content\/gallery\/neueroeffnung-quatierbuero-am-14-05-2022\/heike.jpg\"\n\t\t\t\tdata-thumbnail=\"http:\/\/www.spdgartenstadt.de\/wp-content\/gallery\/neueroeffnung-quatierbuero-am-14-05-2022\/thumbs\/thumbs_heike.jpg\"\n\t\t\t\tdata-image-id=\"16\"\n\t\t\t\tdata-title=\"heike\"\n\t\t\t\tdata-description=\"\"\n\t\t\t\tdata-image-slug=\"heike\"\n\t\t\t\tclass=\"ngg-simplelightbox\" rel=\"f32f881bde0e14061e6778856e186d1b\">\n\t\t\t\t<img\n\t\t\t\t\ttitle=\"heike\"\n\t\t\t\t\talt=\"heike\"\n\t\t\t\t\tsrc=\"http:\/\/www.spdgartenstadt.de\/wp-content\/gallery\/neueroeffnung-quatierbuero-am-14-05-2022\/thumbs\/thumbs_heike.jpg\"\n\t\t\t\t\twidth=\"240\"\n\t\t\t\t\theight=\"160\"\n\t\t\t\t\tstyle=\"max-width:100%;\"\n\t\t\t\t\/>\n\t\t\t<\/a>\n\t\t<\/div>\n\t\t\t\t\t\t\t<\/div> \n\t\t\t\n\t\t\t\t<div id=\"ngg-image-7\" class=\"ngg-gallery-thumbnail-box \n\t\t\t\t\t\t\t\t\t\t\t\" \n\t\t\t>\n\t\t\t\t\t\t<div class=\"ngg-gallery-thumbnail\">\n\t\t\t<a href=\"http:\/\/www.spdgartenstadt.de\/wp-content\/gallery\/neueroeffnung-quatierbuero-am-14-05-2022\/280662071_3304345476464509_2371199854696844736_n.jpg\"\n\t\t\t\ttitle=\"\"\n\t\t\t\tdata-src=\"http:\/\/www.spdgartenstadt.de\/wp-content\/gallery\/neueroeffnung-quatierbuero-am-14-05-2022\/280662071_3304345476464509_2371199854696844736_n.jpg\"\n\t\t\t\tdata-thumbnail=\"http:\/\/www.spdgartenstadt.de\/wp-content\/gallery\/neueroeffnung-quatierbuero-am-14-05-2022\/thumbs\/thumbs_280662071_3304345476464509_2371199854696844736_n.jpg\"\n\t\t\t\tdata-image-id=\"17\"\n\t\t\t\tdata-title=\"280662071_3304345476464509_2371199854696844736_n\"\n\t\t\t\tdata-description=\"\"\n\t\t\t\tdata-image-slug=\"280662071_3304345476464509_2371199854696844736_n\"\n\t\t\t\tclass=\"ngg-simplelightbox\" rel=\"f32f881bde0e14061e6778856e186d1b\">\n\t\t\t\t<img\n\t\t\t\t\ttitle=\"280662071_3304345476464509_2371199854696844736_n\"\n\t\t\t\t\talt=\"280662071_3304345476464509_2371199854696844736_n\"\n\t\t\t\t\tsrc=\"http:\/\/www.spdgartenstadt.de\/wp-content\/gallery\/neueroeffnung-quatierbuero-am-14-05-2022\/thumbs\/thumbs_280662071_3304345476464509_2371199854696844736_n.jpg\"\n\t\t\t\t\twidth=\"240\"\n\t\t\t\t\theight=\"160\"\n\t\t\t\t\tstyle=\"max-width:100%;\"\n\t\t\t\t\/>\n\t\t\t<\/a>\n\t\t<\/div>\n\t\t\t\t\t\t\t<\/div> \n\t\t\t\n\t\t\t\t<div id=\"ngg-image-8\" class=\"ngg-gallery-thumbnail-box \n\t\t\t\t\t\t\t\t\t\t\t\" \n\t\t\t>\n\t\t\t\t\t\t<div class=\"ngg-gallery-thumbnail\">\n\t\t\t<a href=\"http:\/\/www.spdgartenstadt.de\/wp-content\/gallery\/neueroeffnung-quatierbuero-am-14-05-2022\/Jutta.jpg\"\n\t\t\t\ttitle=\"\"\n\t\t\t\tdata-src=\"http:\/\/www.spdgartenstadt.de\/wp-content\/gallery\/neueroeffnung-quatierbuero-am-14-05-2022\/Jutta.jpg\"\n\t\t\t\tdata-thumbnail=\"http:\/\/www.spdgartenstadt.de\/wp-content\/gallery\/neueroeffnung-quatierbuero-am-14-05-2022\/thumbs\/thumbs_Jutta.jpg\"\n\t\t\t\tdata-image-id=\"13\"\n\t\t\t\tdata-title=\"Jutta\"\n\t\t\t\tdata-description=\"\"\n\t\t\t\tdata-image-slug=\"jutta\"\n\t\t\t\tclass=\"ngg-simplelightbox\" rel=\"f32f881bde0e14061e6778856e186d1b\">\n\t\t\t\t<img\n\t\t\t\t\ttitle=\"Jutta\"\n\t\t\t\t\talt=\"Jutta\"\n\t\t\t\t\tsrc=\"http:\/\/www.spdgartenstadt.de\/wp-content\/gallery\/neueroeffnung-quatierbuero-am-14-05-2022\/thumbs\/thumbs_Jutta.jpg\"\n\t\t\t\t\twidth=\"240\"\n\t\t\t\t\theight=\"160\"\n\t\t\t\t\tstyle=\"max-width:100%;\"\n\t\t\t\t\/>\n\t\t\t<\/a>\n\t\t<\/div>\n\t\t\t\t\t\t\t<\/div> \n\t\t\t\n\t\t\t\t<div id=\"ngg-image-9\" class=\"ngg-gallery-thumbnail-box \n\t\t\t\t\t\t\t\t\t\t\t\" \n\t\t\t>\n\t\t\t\t\t\t<div class=\"ngg-gallery-thumbnail\">\n\t\t\t<a href=\"http:\/\/www.spdgartenstadt.de\/wp-content\/gallery\/neueroeffnung-quatierbuero-am-14-05-2022\/280663150_5254208717963206_8409900509678431249_n.jpg\"\n\t\t\t\ttitle=\"\"\n\t\t\t\tdata-src=\"http:\/\/www.spdgartenstadt.de\/wp-content\/gallery\/neueroeffnung-quatierbuero-am-14-05-2022\/280663150_5254208717963206_8409900509678431249_n.jpg\"\n\t\t\t\tdata-thumbnail=\"http:\/\/www.spdgartenstadt.de\/wp-content\/gallery\/neueroeffnung-quatierbuero-am-14-05-2022\/thumbs\/thumbs_280663150_5254208717963206_8409900509678431249_n.jpg\"\n\t\t\t\tdata-image-id=\"4\"\n\t\t\t\tdata-title=\"280663150_5254208717963206_8409900509678431249_n\"\n\t\t\t\tdata-description=\"\"\n\t\t\t\tdata-image-slug=\"280663150_5254208717963206_8409900509678431249_n\"\n\t\t\t\tclass=\"ngg-simplelightbox\" rel=\"f32f881bde0e14061e6778856e186d1b\">\n\t\t\t\t<img\n\t\t\t\t\ttitle=\"280663150_5254208717963206_8409900509678431249_n\"\n\t\t\t\t\talt=\"280663150_5254208717963206_8409900509678431249_n\"\n\t\t\t\t\tsrc=\"http:\/\/www.spdgartenstadt.de\/wp-content\/gallery\/neueroeffnung-quatierbuero-am-14-05-2022\/thumbs\/thumbs_280663150_5254208717963206_8409900509678431249_n.jpg\"\n\t\t\t\t\twidth=\"240\"\n\t\t\t\t\theight=\"160\"\n\t\t\t\t\tstyle=\"max-width:100%;\"\n\t\t\t\t\/>\n\t\t\t<\/a>\n\t\t<\/div>\n\t\t\t\t\t\t\t<\/div> \n\t\t\t\n\t\t\t\t<div id=\"ngg-image-10\" class=\"ngg-gallery-thumbnail-box \n\t\t\t\t\t\t\t\t\t\t\t\" \n\t\t\t>\n\t\t\t\t\t\t<div class=\"ngg-gallery-thumbnail\">\n\t\t\t<a href=\"http:\/\/www.spdgartenstadt.de\/wp-content\/gallery\/neueroeffnung-quatierbuero-am-14-05-2022\/280579363_5254208291296582_5261902594959493345_n.jpg\"\n\t\t\t\ttitle=\"\"\n\t\t\t\tdata-src=\"http:\/\/www.spdgartenstadt.de\/wp-content\/gallery\/neueroeffnung-quatierbuero-am-14-05-2022\/280579363_5254208291296582_5261902594959493345_n.jpg\"\n\t\t\t\tdata-thumbnail=\"http:\/\/www.spdgartenstadt.de\/wp-content\/gallery\/neueroeffnung-quatierbuero-am-14-05-2022\/thumbs\/thumbs_280579363_5254208291296582_5261902594959493345_n.jpg\"\n\t\t\t\tdata-image-id=\"2\"\n\t\t\t\tdata-title=\"280579363_5254208291296582_5261902594959493345_n\"\n\t\t\t\tdata-description=\"\"\n\t\t\t\tdata-image-slug=\"280579363_5254208291296582_5261902594959493345_n\"\n\t\t\t\tclass=\"ngg-simplelightbox\" rel=\"f32f881bde0e14061e6778856e186d1b\">\n\t\t\t\t<img\n\t\t\t\t\ttitle=\"280579363_5254208291296582_5261902594959493345_n\"\n\t\t\t\t\talt=\"280579363_5254208291296582_5261902594959493345_n\"\n\t\t\t\t\tsrc=\"http:\/\/www.spdgartenstadt.de\/wp-content\/gallery\/neueroeffnung-quatierbuero-am-14-05-2022\/thumbs\/thumbs_280579363_5254208291296582_5261902594959493345_n.jpg\"\n\t\t\t\t\twidth=\"240\"\n\t\t\t\t\theight=\"160\"\n\t\t\t\t\tstyle=\"max-width:100%;\"\n\t\t\t\t\/>\n\t\t\t<\/a>\n\t\t<\/div>\n\t\t\t\t\t\t\t<\/div> \n\t\t\t\n\t\t\t\t<div id=\"ngg-image-11\" class=\"ngg-gallery-thumbnail-box \n\t\t\t\t\t\t\t\t\t\t\t\" \n\t\t\t>\n\t\t\t\t\t\t<div class=\"ngg-gallery-thumbnail\">\n\t\t\t<a href=\"http:\/\/www.spdgartenstadt.de\/wp-content\/gallery\/neueroeffnung-quatierbuero-am-14-05-2022\/280887359_5254208974629847_8468315271782026230_n.jpg\"\n\t\t\t\ttitle=\"\"\n\t\t\t\tdata-src=\"http:\/\/www.spdgartenstadt.de\/wp-content\/gallery\/neueroeffnung-quatierbuero-am-14-05-2022\/280887359_5254208974629847_8468315271782026230_n.jpg\"\n\t\t\t\tdata-thumbnail=\"http:\/\/www.spdgartenstadt.de\/wp-content\/gallery\/neueroeffnung-quatierbuero-am-14-05-2022\/thumbs\/thumbs_280887359_5254208974629847_8468315271782026230_n.jpg\"\n\t\t\t\tdata-image-id=\"7\"\n\t\t\t\tdata-title=\"280887359_5254208974629847_8468315271782026230_n\"\n\t\t\t\tdata-description=\"\"\n\t\t\t\tdata-image-slug=\"280887359_5254208974629847_8468315271782026230_n\"\n\t\t\t\tclass=\"ngg-simplelightbox\" rel=\"f32f881bde0e14061e6778856e186d1b\">\n\t\t\t\t<img\n\t\t\t\t\ttitle=\"280887359_5254208974629847_8468315271782026230_n\"\n\t\t\t\t\talt=\"280887359_5254208974629847_8468315271782026230_n\"\n\t\t\t\t\tsrc=\"http:\/\/www.spdgartenstadt.de\/wp-content\/gallery\/neueroeffnung-quatierbuero-am-14-05-2022\/thumbs\/thumbs_280887359_5254208974629847_8468315271782026230_n.jpg\"\n\t\t\t\t\twidth=\"240\"\n\t\t\t\t\theight=\"160\"\n\t\t\t\t\tstyle=\"max-width:100%;\"\n\t\t\t\t\/>\n\t\t\t<\/a>\n\t\t<\/div>\n\t\t\t\t\t\t\t<\/div> \n\t\t\t\n\t\t\t\t<div id=\"ngg-image-12\" class=\"ngg-gallery-thumbnail-box \n\t\t\t\t\t\t\t\t\t\t\t\" \n\t\t\t>\n\t\t\t\t\t\t<div class=\"ngg-gallery-thumbnail\">\n\t\t\t<a href=\"http:\/\/www.spdgartenstadt.de\/wp-content\/gallery\/neueroeffnung-quatierbuero-am-14-05-2022\/Gruppe-mit-Christian.jpg\"\n\t\t\t\ttitle=\"\"\n\t\t\t\tdata-src=\"http:\/\/www.spdgartenstadt.de\/wp-content\/gallery\/neueroeffnung-quatierbuero-am-14-05-2022\/Gruppe-mit-Christian.jpg\"\n\t\t\t\tdata-thumbnail=\"http:\/\/www.spdgartenstadt.de\/wp-content\/gallery\/neueroeffnung-quatierbuero-am-14-05-2022\/thumbs\/thumbs_Gruppe-mit-Christian.jpg\"\n\t\t\t\tdata-image-id=\"10\"\n\t\t\t\tdata-title=\"Gruppe-mit-Christian\"\n\t\t\t\tdata-description=\"\"\n\t\t\t\tdata-image-slug=\"gruppe-mit-christian\"\n\t\t\t\tclass=\"ngg-simplelightbox\" rel=\"f32f881bde0e14061e6778856e186d1b\">\n\t\t\t\t<img\n\t\t\t\t\ttitle=\"Gruppe-mit-Christian\"\n\t\t\t\t\talt=\"Gruppe-mit-Christian\"\n\t\t\t\t\tsrc=\"http:\/\/www.spdgartenstadt.de\/wp-content\/gallery\/neueroeffnung-quatierbuero-am-14-05-2022\/thumbs\/thumbs_Gruppe-mit-Christian.jpg\"\n\t\t\t\t\twidth=\"240\"\n\t\t\t\t\theight=\"160\"\n\t\t\t\t\tstyle=\"max-width:100%;\"\n\t\t\t\t\/>\n\t\t\t<\/a>\n\t\t<\/div>\n\t\t\t\t\t\t\t<\/div> \n\t\t\t\n\t\t\t\t<div id=\"ngg-image-13\" class=\"ngg-gallery-thumbnail-box \n\t\t\t\t\t\t\t\t\t\t\t\" \n\t\t\t>\n\t\t\t\t\t\t<div class=\"ngg-gallery-thumbnail\">\n\t\t\t<a href=\"http:\/\/www.spdgartenstadt.de\/wp-content\/gallery\/neueroeffnung-quatierbuero-am-14-05-2022\/Gruppe-mit-Christian_2.jpg\"\n\t\t\t\ttitle=\"\"\n\t\t\t\tdata-src=\"http:\/\/www.spdgartenstadt.de\/wp-content\/gallery\/neueroeffnung-quatierbuero-am-14-05-2022\/Gruppe-mit-Christian_2.jpg\"\n\t\t\t\tdata-thumbnail=\"http:\/\/www.spdgartenstadt.de\/wp-content\/gallery\/neueroeffnung-quatierbuero-am-14-05-2022\/thumbs\/thumbs_Gruppe-mit-Christian_2.jpg\"\n\t\t\t\tdata-image-id=\"11\"\n\t\t\t\tdata-title=\"Gruppe-mit-Christian_2\"\n\t\t\t\tdata-description=\"\"\n\t\t\t\tdata-image-slug=\"gruppe-mit-christian_2\"\n\t\t\t\tclass=\"ngg-simplelightbox\" rel=\"f32f881bde0e14061e6778856e186d1b\">\n\t\t\t\t<img\n\t\t\t\t\ttitle=\"Gruppe-mit-Christian_2\"\n\t\t\t\t\talt=\"Gruppe-mit-Christian_2\"\n\t\t\t\t\tsrc=\"http:\/\/www.spdgartenstadt.de\/wp-content\/gallery\/neueroeffnung-quatierbuero-am-14-05-2022\/thumbs\/thumbs_Gruppe-mit-Christian_2.jpg\"\n\t\t\t\t\twidth=\"240\"\n\t\t\t\t\theight=\"160\"\n\t\t\t\t\tstyle=\"max-width:100%;\"\n\t\t\t\t\/>\n\t\t\t<\/a>\n\t\t<\/div>\n\t\t\t\t\t\t\t<\/div> \n\t\t\t\n\t\t\t\t<div id=\"ngg-image-14\" class=\"ngg-gallery-thumbnail-box \n\t\t\t\t\t\t\t\t\t\t\t\" \n\t\t\t>\n\t\t\t\t\t\t<div class=\"ngg-gallery-thumbnail\">\n\t\t\t<a href=\"http:\/\/www.spdgartenstadt.de\/wp-content\/gallery\/neueroeffnung-quatierbuero-am-14-05-2022\/index.jpg\"\n\t\t\t\ttitle=\"\"\n\t\t\t\tdata-src=\"http:\/\/www.spdgartenstadt.de\/wp-content\/gallery\/neueroeffnung-quatierbuero-am-14-05-2022\/index.jpg\"\n\t\t\t\tdata-thumbnail=\"http:\/\/www.spdgartenstadt.de\/wp-content\/gallery\/neueroeffnung-quatierbuero-am-14-05-2022\/thumbs\/thumbs_index.jpg\"\n\t\t\t\tdata-image-id=\"12\"\n\t\t\t\tdata-title=\"index\"\n\t\t\t\tdata-description=\"\"\n\t\t\t\tdata-image-slug=\"index\"\n\t\t\t\tclass=\"ngg-simplelightbox\" rel=\"f32f881bde0e14061e6778856e186d1b\">\n\t\t\t\t<img\n\t\t\t\t\ttitle=\"index\"\n\t\t\t\t\talt=\"index\"\n\t\t\t\t\tsrc=\"http:\/\/www.spdgartenstadt.de\/wp-content\/gallery\/neueroeffnung-quatierbuero-am-14-05-2022\/thumbs\/thumbs_index.jpg\"\n\t\t\t\t\twidth=\"240\"\n\t\t\t\t\theight=\"160\"\n\t\t\t\t\tstyle=\"max-width:100%;\"\n\t\t\t\t\/>\n\t\t\t<\/a>\n\t\t<\/div>\n\t\t\t\t\t\t\t<\/div> \n\t\t\t\n\t\t\t\t<div id=\"ngg-image-15\" class=\"ngg-gallery-thumbnail-box \n\t\t\t\t\t\t\t\t\t\t\t\" \n\t\t\t>\n\t\t\t\t\t\t<div class=\"ngg-gallery-thumbnail\">\n\t\t\t<a href=\"http:\/\/www.spdgartenstadt.de\/wp-content\/gallery\/neueroeffnung-quatierbuero-am-14-05-2022\/quatier_14_5_01.jpg\"\n\t\t\t\ttitle=\"\"\n\t\t\t\tdata-src=\"http:\/\/www.spdgartenstadt.de\/wp-content\/gallery\/neueroeffnung-quatierbuero-am-14-05-2022\/quatier_14_5_01.jpg\"\n\t\t\t\tdata-thumbnail=\"http:\/\/www.spdgartenstadt.de\/wp-content\/gallery\/neueroeffnung-quatierbuero-am-14-05-2022\/thumbs\/thumbs_quatier_14_5_01.jpg\"\n\t\t\t\tdata-image-id=\"14\"\n\t\t\t\tdata-title=\"quatier_14_5_01\"\n\t\t\t\tdata-description=\"\"\n\t\t\t\tdata-image-slug=\"quatier_14_5_01\"\n\t\t\t\tclass=\"ngg-simplelightbox\" rel=\"f32f881bde0e14061e6778856e186d1b\">\n\t\t\t\t<img\n\t\t\t\t\ttitle=\"quatier_14_5_01\"\n\t\t\t\t\talt=\"quatier_14_5_01\"\n\t\t\t\t\tsrc=\"http:\/\/www.spdgartenstadt.de\/wp-content\/gallery\/neueroeffnung-quatierbuero-am-14-05-2022\/thumbs\/thumbs_quatier_14_5_01.jpg\"\n\t\t\t\t\twidth=\"240\"\n\t\t\t\t\theight=\"160\"\n\t\t\t\t\tstyle=\"max-width:100%;\"\n\t\t\t\t\/>\n\t\t\t<\/a>\n\t\t<\/div>\n\t\t\t\t\t\t\t<\/div> \n\t\t\t\n\t\t\t\t<div id=\"ngg-image-16\" class=\"ngg-gallery-thumbnail-box \n\t\t\t\t\t\t\t\t\t\t\t\" \n\t\t\t>\n\t\t\t\t\t\t<div class=\"ngg-gallery-thumbnail\">\n\t\t\t<a href=\"http:\/\/www.spdgartenstadt.de\/wp-content\/gallery\/neueroeffnung-quatierbuero-am-14-05-2022\/280549332_5254208511296560_860647669554495686_n.jpg\"\n\t\t\t\ttitle=\"\"\n\t\t\t\tdata-src=\"http:\/\/www.spdgartenstadt.de\/wp-content\/gallery\/neueroeffnung-quatierbuero-am-14-05-2022\/280549332_5254208511296560_860647669554495686_n.jpg\"\n\t\t\t\tdata-thumbnail=\"http:\/\/www.spdgartenstadt.de\/wp-content\/gallery\/neueroeffnung-quatierbuero-am-14-05-2022\/thumbs\/thumbs_280549332_5254208511296560_860647669554495686_n.jpg\"\n\t\t\t\tdata-image-id=\"15\"\n\t\t\t\tdata-title=\"280549332_5254208511296560_860647669554495686_n\"\n\t\t\t\tdata-description=\"\"\n\t\t\t\tdata-image-slug=\"280549332_5254208511296560_860647669554495686_n\"\n\t\t\t\tclass=\"ngg-simplelightbox\" rel=\"f32f881bde0e14061e6778856e186d1b\">\n\t\t\t\t<img\n\t\t\t\t\ttitle=\"280549332_5254208511296560_860647669554495686_n\"\n\t\t\t\t\talt=\"280549332_5254208511296560_860647669554495686_n\"\n\t\t\t\t\tsrc=\"http:\/\/www.spdgartenstadt.de\/wp-content\/gallery\/neueroeffnung-quatierbuero-am-14-05-2022\/thumbs\/thumbs_280549332_5254208511296560_860647669554495686_n.jpg\"\n\t\t\t\t\twidth=\"240\"\n\t\t\t\t\theight=\"160\"\n\t\t\t\t\tstyle=\"max-width:100%;\"\n\t\t\t\t\/>\n\t\t\t<\/a>\n\t\t<\/div>\n\t\t\t\t\t\t\t<\/div> \n\t\t\t\n\t\n\t<br style=\"clear: both\" \/>\n\n\t\n\t\t<!-- Pagination -->\n\t\t<div class='ngg-clear'><\/div>\t<\/div>\n<span class=\"d2edcug0 hpfvmrgz qv66sw1b c1et5uql lr9zc1uh a8c37x1j fe6kdd0r mau55g9w c8b282yb keod5gw0 nxhoafnm aigsh9s9 d3f4x2em iv3no6db jq4qci2q a3bd9o3v b1v8xokw oo9gr5id hzawbc8m\" dir=\"auto\">&nbsp;<\/span><\/p>\n<p>Bilder von Lorena Schmitt und Lars Entermann<\/p>\n","protected":false},"excerpt":{"rendered":"<p>Gestern war wieder was los im Quartierb\u00fcros Gartenstadt f\u00fcr die Menschen des Stadtteils und dar\u00fcber hinaus. Gestern bei der Neuer\u00f6ffnung<\/p>\n","protected":false},"author":2,"featured_media":0,"comment_status":"open","ping_status":"open","sticky":false,"template":"","format":"standard","meta":{"ngg_post_thumbnail":0,"footnotes":""},"categories":[1],"tags":[],"_links":{"self":[{"href":"http:\/\/www.spdgartenstadt.de\/index.php?rest_route=\/wp\/v2\/posts\/353"}],"collection":[{"href":"http:\/\/www.spdgartenstadt.de\/index.php?rest_route=\/wp\/v2\/posts"}],"about":[{"href":"http:\/\/www.spdgartenstadt.de\/index.php?rest_route=\/wp\/v2\/types\/post"}],"author":[{"embeddable":true,"href":"http:\/\/www.spdgartenstadt.de\/index.php?rest_route=\/wp\/v2\/users\/2"}],"replies":[{"embeddable":true,"href":"http:\/\/www.spdgartenstadt.de\/index.php?rest_route=%2Fwp%2Fv2%2Fcomments&post=353"}],"version-history":[{"count":6,"href":"http:\/\/www.spdgartenstadt.de\/index.php?rest_route=\/wp\/v2\/posts\/353\/revisions"}],"predecessor-version":[{"id":360,"href":"http:\/\/www.spdgartenstadt.de\/index.php?rest_route=\/wp\/v2\/posts\/353\/revisions\/360"}],"wp:attachment":[{"href":"http:\/\/www.spdgartenstadt.de\/index.php?rest_route=%2Fwp%2Fv2%2Fmedia&parent=353"}],"wp:term":[{"taxonomy":"category","embeddable":true,"href":"http:\/\/www.spdgartenstadt.de\/index.php?rest_route=%2Fwp%2Fv2%2Fcategories&post=353"},{"taxonomy":"post_tag","embeddable":true,"href":"http:\/\/www.spdgartenstadt.de\/index.php?rest_route=%2Fwp%2Fv2%2Ftags&post=353"}],"curies":[{"name":"wp","href":"https:\/\/api.w.org\/{rel}","templated":true}]}}